{"id":1373996,"date":"2023-10-09T14:05:41","date_gmt":"2023-10-09T12:05:41","guid":{"rendered":"https:\/\/dev.dnaera.com\/cs\/?p=1373996"},"modified":"2024-01-17T13:46:44","modified_gmt":"2024-01-17T12:46:44","slug":"karcinom-vajecniku","status":"publish","type":"post","link":"https:\/\/dev.dnaera.com\/cs\/blog\/karcinom-vajecniku\/","title":{"rendered":"Na karcinom vaje\u010dn\u00edk\u016f maj\u00ed vliv tak\u00e9 geny. Co je\u0161t\u011b p\u0159isp\u00edv\u00e1 k jeho rozvoji? \u00a0"},"content":{"rendered":"\n<p><em>Karcinom vaje\u010dn\u00edk\u016f je jednou z p\u011bti nej\u010dast\u011bj\u0161\u00edch p\u0159\u00ed\u010din \u00famrt\u00ed \u017een v p\u0159\u00edpad\u011b n\u00e1dorov\u00fdch onemocn\u011bn\u00ed. \u0160patn\u00e1 progn\u00f3za onemocn\u011bn\u00ed souvis\u00ed p\u0159edev\u0161\u00edm s pozdn\u00ed diagn\u00f3zou. V \u010dem spo\u010d\u00edv\u00e1 riziko vzniku tohoto onemocn\u011bn\u00ed a lze ho ovlivnit?<\/em><\/p>\n\n\n\n<h2 class=\"wp-block-heading\">P\u0159\u00edznaky rakoviny vaje\u010dn\u00edk\u016f z\u016fst\u00e1vaj\u00ed \u010dasto nerozpoznan\u00e9<\/h2>\n\n\n\n<p>V\u010dasnou diagn\u00f3zu rakoviny vaje\u010dn\u00edk\u016f komplikuje tak\u00e9 skute\u010dnost, \u017ee v prvn\u00edm stadiu nemus\u00ed m\u00edt rozpoznateln\u00e9 symptomy. Dokonce i n\u011bkter\u00e9 z pozd\u011bj\u0161\u00edch p\u0159\u00edznak\u016f si mnoho \u017een nemus\u00ed s touto nemoc\u00ed spojit. Mezi p\u0159\u00edznaky rakoviny vaje\u010dn\u00edk\u016f pat\u0159\u00ed:&nbsp;<\/p>\n\n\n\n<ul class=\"wp-block-list\">\n<li>bolest v podb\u0159i\u0161ku na posti\u017een\u00e9 stran\u011b,<\/li>\n\n\n\n<li>rychl\u00fd pocit sytosti p\u0159i j\u00eddle,<\/li>\n\n\n\n<li>nad\u00fdm\u00e1n\u00ed a zm\u011bny ve vyprazd\u0148ov\u00e1n\u00ed,<\/li>\n\n\n\n<li>\u010dast\u00e9 mo\u010den\u00ed,<\/li>\n\n\n\n<li>mohou se objevit poruchy menstrua\u010dn\u00edho cyklu (slab\u00e1 menstruace, vynech\u00e1n\u00ed menstruace nebo velmi siln\u00e1 menstruace),<\/li>\n\n\n\n<li>slabost,<\/li>\n\n\n\n<li>poruchy vyprazd\u0148ov\u00e1n\u00ed (pr\u016fjem nebo z\u00e1cpa),<\/li>\n\n\n\n<li>zv\u00fd\u0161en\u00e1 \u00fanava,<\/li>\n\n\n\n<li>v pokro\u010dil\u00fdch stadi\u00edch se m\u016f\u017ee vyskytovat tak\u00e9 nevolnost nebo zvracen\u00ed.<\/li>\n<\/ul>\n\n\n\n<p><\/p>\n\n\n\n<h2 class=\"wp-block-heading\">Ke vzniku rakoviny vaje\u010dn\u00edk\u016f p\u0159isp\u00edv\u00e1 mno\u017estv\u00ed faktor\u016f v\u010detn\u011b genetiky&nbsp;<\/h2>\n\n\n\n<p>P\u0159\u00ed\u010dina vzniku tohoto onemocn\u011bn\u00ed je pom\u011brn\u011b komplexn\u00ed. K riziku jej\u00edho rozvoje p\u0159isp\u00edvaj\u00ed faktory \u017eivotn\u00edho stylu, jako je kou\u0159en\u00ed, konzumace alkoholu nebo obezita. Toto onemocn\u011bn\u00ed tak\u00e9 \u00fazce souvis\u00ed s reproduk\u010dn\u00edm zdrav\u00edm \u017eeny. V\u011bdeck\u00e9 studie prok\u00e1zaly, \u017ee riziko onemocn\u011bn\u00ed se zvy\u0161uje s po\u010dtem ovulac\u00ed b\u011bhem \u017eivota. Tento po\u010det vych\u00e1z\u00ed z v\u011bku n\u00e1stupu menstruace a menopauzy. P\u0159isp\u00edvat mohou i r\u016fzn\u00e9 typy hormon\u00e1ln\u00ed terapie. U\u017e\u00edv\u00e1n\u00ed hormon\u00e1ln\u00ed antikoncepce v\u0161ak toto riziko sni\u017euje.&nbsp;<\/p>\n\n\n\n<figure class=\"wp-block-image\"><img decoding=\"async\" src=\"https:\/\/lh5.googleusercontent.com\/4wa1JfZfUgvH8-d8fkixPtvHZkPVeQ6txDUZxaJ2yQ4P47mUeB2BBjMKiKWo0l6opKUdModrihXrNBbhkV9fqpqgNFi-aNNSqBifdXgjdR_RaSHUNO33_eFU5JmmC3FH5PiUZwxyx8TM4iiDoUzhZvo\" alt=\"\" \/><\/figure>\n\n\n\n<p>V neposledn\u00ed \u0159ad\u011b hraje p\u0159i vzniku t\u011bchto n\u00e1dor\u016f roli genetika, a to dv\u011bma hlavn\u00edmi zp\u016fsoby. Prvn\u00ed mo\u017enost\u00ed je pr\u00e1v\u011b p\u0159\u00edtomnost patogenn\u00edch mutac\u00ed v genech BRCA1 a BRCA2, kter\u00e9 funguj\u00ed jako n\u00e1dorov\u00e9 supresory. Jejich hlavn\u00ed funkc\u00ed je chr\u00e1nit bu\u0148ky p\u0159ed po\u0161kozen\u00edm DNA a nekontrolovateln\u00fdm d\u011blen\u00edm. Riziko rakoviny vaje\u010dn\u00edk\u016f m\u016f\u017ee b\u00fdt u n\u011bkter\u00fdch \u017een vy\u0161\u0161\u00ed tak\u00e9 kv\u016fli p\u0159\u00edtomnosti b\u011b\u017en\u011b se vyskytuj\u00edc\u00edch rizikov\u00fdch variant DNA, z nich\u017e ka\u017ed\u00e1 p\u0159isp\u00edv\u00e1 k riziku tohoto onemocn\u011bn\u00ed malou m\u011brou. Jejich celkov\u00fd dopad v\u0161ak m\u016f\u017ee b\u00fdt skute\u010dn\u011b v\u00fdznamn\u00fd, proto\u017ee ka\u017ed\u00e1 z t\u011bchto variant p\u0159isp\u00edv\u00e1 k tzv. polygenn\u00edmu riziku.<\/p>\n\n\n\n<p>Pokud se karcinom vaje\u010dn\u00edk\u016f diagnostikuje v\u010das (stadium 1), \u0161ance na vyl\u00e9\u010den\u00ed se zvy\u0161uje a\u017e na 92,4 %. Podobn\u011b jako u jin\u00fdch onkologick\u00fdch onemocn\u011bn\u00ed i u rakoviny vaje\u010dn\u00edk\u016f plat\u00ed, \u017ee \u0161ance na \u00fasp\u011b\u0161n\u00e9 vyl\u00e9\u010den\u00ed je t\u00edm ni\u017e\u0161\u00ed, \u010d\u00edm pozd\u011bji se diagnostikuje.&nbsp;<\/p>\n\n\n\n<h2 class=\"wp-block-heading\">Prevence m\u00e1 velk\u00fd v\u00fdznam<\/h2>\n\n\n\n<p>Znalost genetick\u00e9ho rizika vzniku tohoto onemocn\u011bn\u00ed proto m\u016f\u017ee b\u00fdt pro va\u0161eho l\u00e9ka\u0159e d\u016fle\u017eitou informac\u00ed. Nem\u011bli bychom v\u0161ak zapom\u00ednat, \u017ee genetika je jen jednou z p\u0159\u00ed\u010din tohoto onemocn\u011bn\u00ed. I z tohoto d\u016fvodu by m\u011bly v\u0161echny \u017eeny pravideln\u011b nav\u0161t\u011bvovat sv\u00e9ho gynekologa.&nbsp;<\/p>\n\n\n\n<h2 class=\"wp-block-heading\">Nov\u00fd v\u00fdsledek anal\u00fdzy<\/h2>\n\n\n\n<p>O sv\u00e9m genetick\u00e9m riziku vzniku tohoto onemocn\u011bn\u00ed a dal\u0161\u00ed informace t\u00fdkaj\u00edc\u00ed se rakoviny vaje\u010dn\u00edk\u016f se dozv\u00edte ve sv\u00fdch v\u00fdsledc\u00edch. <a href=\"https:\/\/app.dnaera.sk\/report-content\/*\/zdravie\/onkologia\/ONC_OVAR_CANC?lng=cz\"><strong>P\u0159ihlaste se ke sv\u00e9mu \u00fa\u010dtu<\/strong><\/a> a dodr\u017eujte z\u00e1kladn\u00ed preventivn\u00ed opat\u0159en\u00ed. Nov\u00fd v\u00fdsledek z\u00edskaj\u00ed tak\u00e9 v\u0161ichni budouc\u00ed z\u00e1kazn\u00edci, kte\u0159\u00ed si objednaj\u00ed <a href=\"https:\/\/dev.dnaera.com\/cs\/produkt\/dna-complex-test\/\">test DNA Complex<\/a> nebo <a href=\"https:\/\/dev.dnaera.com\/cs\/produkt\/dna-health-test\/\">test DNA Health<\/a>. V r\u00e1mci roz\u0161\u00ed\u0159en\u00ed jej mohou p\u0159\u00edmo ve sv\u00fdch v\u00fdsledc\u00edch z\u00edskat i v\u0161ichni ostatn\u00ed z\u00e1kazn\u00edci, a to bez pot\u0159eby opakov\u00e1n\u00ed odb\u011bru vzorku.&nbsp;<\/p>\n\n\n\n<p><strong>Zdroje:&nbsp;<\/strong><\/p>\n\n\n\n<ol class=\"wp-block-list\">\n<li><a href=\"https:\/\/www.healthline.com\/health\/cancer\/ovarian-cancer-causes\">https:\/\/www.healthline.com\/health\/cancer\/ovarian-cancer-causes<\/a><\/li>\n\n\n\n<li>Sung, H. K., Ma, S. H., Choi, J. Y., Hwang, Y., Ahn, C., Kim, B. G., Kim, Y. M., Kim, J. W., Kang, S., Kim, J., Kim, T. J., Yoo, K. Y., Kang, D., &amp; Park, S. (2016). The Effect of Breastfeeding Duration and Parity on the Risk of Epithelial Ovarian Cancer: A Systematic Review and Meta-analysis. Journal of preventive medicine and public health = Yebang Uihakhoe chi, 49(6), 349\u2013366. <a href=\"https:\/\/doi.org\/10.3961\/jpmph.16.066\">https:\/\/doi.org\/10.3961\/jpmph.16.066<\/a><\/li>\n\n\n\n<li>Temkin, S. M., Bergstrom, J., Samimi, G., &amp; Minasian, L. (2017). Ovarian cancer prevention in high risk women. <em>Clinical obstetrics and gynecology<\/em>, <em>60<\/em>(4), 738.<\/li>\n\n\n\n<li><a href=\"https:\/\/www.cancercenter.com\/cancer-types\/ovarian-cancer\/stages\">https:\/\/www.cancercenter.com\/cancer-types\/ovarian-cancer\/stages<\/a><\/li>\n<\/ol>\n\n\n\n<p><\/p>\n","protected":false},"excerpt":{"rendered":"<p>Karcinom vaje\u010dn\u00edk\u016f je jednou z p\u011bti nej\u010dast\u011bj\u0161\u00edch p\u0159\u00ed\u010din \u00famrt\u00ed \u017een v p\u0159\u00edpad\u011b n\u00e1dorov\u00fdch onemocn\u011bn\u00ed. \u0160patn\u00e1 progn\u00f3za onemocn\u011bn\u00ed souvis\u00ed p\u0159edev\u0161\u00edm s pozdn\u00ed diagn\u00f3zou. V \u010dem spo\u010d\u00edv\u00e1 riziko vzniku tohoto onemocn\u011bn\u00ed a lze ho ovlivnit? P\u0159\u00edznaky rakoviny vaje\u010dn\u00edk\u016f z\u016fst\u00e1vaj\u00ed \u010dasto nerozpoznan\u00e9 V\u010dasnou diagn\u00f3zu rakoviny vaje\u010dn\u00edk\u016f komplikuje tak\u00e9 skute\u010dnost, \u017ee v prvn\u00edm stadiu nemus\u00ed m\u00edt rozpoznateln\u00e9 symptomy. Dokonce [&hellip;]<\/p>\n","protected":false},"author":6,"featured_media":1373997,"comment_status":"open","ping_status":"open","sticky":false,"template":"","format":"standard","meta":{"_acf_changed":false,"content-type":"","inline_featured_image":false,"footnotes":""},"categories":[1],"tags":[58,59],"place-taxonomy":[],"class_list":["post-1373996","post","type-post","status-publish","format-standard","has-post-thumbnail","hentry","category-uncategorized-sk","tag-dna-analyza","tag-dna-test"],"acf":[],"views":56,"_links":{"self":[{"href":"https:\/\/dev.dnaera.com\/cs\/wp-json\/wp\/v2\/posts\/1373996","targetHints":{"allow":["GET"]}}],"collection":[{"href":"https:\/\/dev.dnaera.com\/cs\/wp-json\/wp\/v2\/posts"}],"about":[{"href":"https:\/\/dev.dnaera.com\/cs\/wp-json\/wp\/v2\/types\/post"}],"author":[{"embeddable":true,"href":"https:\/\/dev.dnaera.com\/cs\/wp-json\/wp\/v2\/users\/6"}],"replies":[{"embeddable":true,"href":"https:\/\/dev.dnaera.com\/cs\/wp-json\/wp\/v2\/comments?post=1373996"}],"version-history":[{"count":5,"href":"https:\/\/dev.dnaera.com\/cs\/wp-json\/wp\/v2\/posts\/1373996\/revisions"}],"predecessor-version":[{"id":1374999,"href":"https:\/\/dev.dnaera.com\/cs\/wp-json\/wp\/v2\/posts\/1373996\/revisions\/1374999"}],"wp:featuredmedia":[{"embeddable":true,"href":"https:\/\/dev.dnaera.com\/cs\/wp-json\/wp\/v2\/media\/1373997"}],"wp:attachment":[{"href":"https:\/\/dev.dnaera.com\/cs\/wp-json\/wp\/v2\/media?parent=1373996"}],"wp:term":[{"taxonomy":"category","embeddable":true,"href":"https:\/\/dev.dnaera.com\/cs\/wp-json\/wp\/v2\/categories?post=1373996"},{"taxonomy":"post_tag","embeddable":true,"href":"https:\/\/dev.dnaera.com\/cs\/wp-json\/wp\/v2\/tags?post=1373996"},{"taxonomy":"place-taxonomy","embeddable":true,"href":"https:\/\/dev.dnaera.com\/cs\/wp-json\/wp\/v2\/place-taxonomy?post=1373996"}],"curies":[{"name":"wp","href":"https:\/\/api.w.org\/{rel}","templated":true}]}}